{"id":1714,"date":"2019-02-15T09:40:29","date_gmt":"2019-02-15T09:40:29","guid":{"rendered":"https:\/\/h3o.es\/?p=1714"},"modified":"2026-03-06T17:41:08","modified_gmt":"2026-03-06T17:41:08","slug":"reforma-de-piso-en-barcelona-calle-parlament","status":"publish","type":"post","link":"https:\/\/h3o.es\/es\/reforma-de-piso-en-barcelona-calle-parlament\/","title":{"rendered":"Reforma de piso en Barcelona &#8211; Calle Parlament"},"content":{"rendered":"<h2 id=\"reforma-de-piso-en-barcelona\"><a class=\"anchor\" href=\"#reforma-de-piso-en-barcelona\"><i class=\"fa fa-link\"><\/i><\/a>Reforma de piso en Barcelona<\/h2>\n<p>Reforma de Piso en Barcelona, en calle Parlament. Esta reforma de un &#8216;loft-no loft&#8217; por h3o, que resulta ser como un helado de chocolate flotando en horchata. O el c\u00f3mo separar un espacio-lienzo en blanco a trav\u00e9s de muebles estancos que crean sinuosas formas de bienvenida y hogar.\u00a0\u00a0<\/p>\n<p>Al asomarte por el balc\u00f3n de la casa lo que, inmediatamente, se ve, es la horchater\u00eda Sirvent. La Casa Xurigu\u00e9, dibujada por el maestro de obras Pau Martorell en el coraz\u00f3n del barrio de Sant Antoni fue de las primeras construcciones (ilegales) del Ensanche Cerd\u00e0 en 1868. Vive en frente del mercado actual y fue uno de esos edificios barceloneses que viv\u00eda entre \u00e9pocas. En un ensanche todav\u00eda sin imaginar (tuvieron que pasar treinta a\u00f1os desde esta edificaci\u00f3n hasta su concreci\u00f3n) y una tradici\u00f3n\u00a0exportada de la Ciutat Vella (eso s\u00ed, con tres luminosos patios interiores).\u00a0<\/p>\n<p>Hacer que un espacio abierto se pueda cerrar cuando se requiera era el reto de este piso del Ensanche. 80m2 para crear luz, privacidad o zonas de d\u00eda y de noche. Con diferentes visuales y recorridos cruzados se convierte en contempor\u00e1neo un espacio con ansias de ser flexible. Neutralizar el espacio convirti\u00e9ndolo en blanco y pensando qu\u00e9 usos y soportes contendr\u00e1 su interior fue el primer paso.\u00a0Pavimento de hormig\u00f3n blanco, paredes de yeso pintado y techo de bovedillas y bigas blanqueadas. Diferentes blancos texturizados, distintos matices.<\/p>\n<p>reforma piso barcelona eixample sant antoni calle parlament<\/p>\n<p>reforma piso barcelona eixample sant antoni calle parlament<\/p>\n<p>reforma piso barcelona eixample sant antoni calle parlament<\/p>\n<p>reforma piso barcelona eixample sant antoni calle parlament<\/p>\n<p>El blanco unifica y maximiza la sensaci\u00f3n espacial y permite que la luz de los tres patios y la fachada se expanda y multiplique por todas las superficies.<\/p>\n<p><a href=\"https:\/\/h3o.es\/es\/estudio\/\"><strong>estudio h3o arquitectos<\/strong><\/a>\u00a0<\/p>\n<p><a href=\"http:\/\/www.adriagoula.com\/es\/\" target=\"_blank\" rel=\"noopener\">http:\/\/www.adriagoula.com\/es\/<\/a><\/p>\n","protected":false},"excerpt":{"rendered":"<p>Reforma de piso en Barcelona Reforma de Piso en Barcelona, en calle Parlament. Esta reforma de un &#8216;loft-no loft&#8217; por h3o, que resulta &hellip;<\/p>\n","protected":false},"author":2,"featured_media":2277,"comment_status":"closed","ping_status":"closed","sticky":false,"template":"","format":"standard","meta":{"_acf_changed":false,"footnotes":""},"categories":[11],"tags":[],"class_list":["post-1714","post","type-post","status-publish","format-standard","has-post-thumbnail","hentry","category-obra-es"],"acf":[],"yoast_head":"<!-- This site is optimized with the Yoast SEO plugin v25.3 - https:\/\/yoast.com\/wordpress\/plugins\/seo\/ -->\n<title>Reforma de pis a Barcelona, carrer Parlament - h3o arch<\/title>\n<meta name=\"description\" content=\"Loft-no loft&#039; per h3o arch, una reforma de pis a Barcelona a Parlament, o com omplir un llen\u00e7 en blanc mitjan\u00e7ant mobles de sinuoses formes.\" \/>\n<meta name=\"robots\" content=\"index, follow, max-snippet:-1, max-image-preview:large, max-video-preview:-1\" \/>\n<link rel=\"canonical\" href=\"https:\/\/h3o.es\/es\/reforma-de-piso-en-barcelona-calle-parlament\/\" \/>\n<meta property=\"og:locale\" content=\"es_ES\" \/>\n<meta property=\"og:type\" content=\"article\" \/>\n<meta property=\"og:title\" content=\"Reforma de pis a Barcelona, carrer Parlament - h3o arch\" \/>\n<meta property=\"og:description\" content=\"Loft-no loft&#039; per h3o arch, una reforma de pis a Barcelona a Parlament, o com omplir un llen\u00e7 en blanc mitjan\u00e7ant mobles de sinuoses formes.\" \/>\n<meta property=\"og:url\" content=\"https:\/\/h3o.es\/es\/reforma-de-piso-en-barcelona-calle-parlament\/\" \/>\n<meta property=\"og:site_name\" content=\"h3o\" \/>\n<meta property=\"article:published_time\" content=\"2019-02-15T09:40:29+00:00\" \/>\n<meta property=\"article:modified_time\" content=\"2026-03-06T17:41:08+00:00\" \/>\n<meta property=\"og:image\" content=\"https:\/\/h3o.es\/wp-content\/uploads\/2019\/02\/reforma_integral_piso_pis_calle_carrer_parlamento_parlament_barcelona_sant_antoni_dise\u00f1o_arquitectura_pinterest_interiorismo_madera_luz_blanco_07-1.jpg\" \/>\n\t<meta property=\"og:image:width\" content=\"1333\" \/>\n\t<meta property=\"og:image:height\" content=\"2000\" \/>\n\t<meta property=\"og:image:type\" content=\"image\/jpeg\" \/>\n<meta name=\"author\" content=\"arquitectura\" \/>\n<meta name=\"twitter:card\" content=\"summary_large_image\" \/>\n<meta name=\"twitter:label1\" content=\"Escrito por\" \/>\n\t<meta name=\"twitter:data1\" content=\"arquitectura\" \/>\n\t<meta name=\"twitter:label2\" content=\"Tiempo de lectura\" \/>\n\t<meta name=\"twitter:data2\" content=\"2 minutos\" \/>\n<script type=\"application\/ld+json\" class=\"yoast-schema-graph\">{\"@context\":\"https:\/\/schema.org\",\"@graph\":[{\"@type\":\"WebPage\",\"@id\":\"https:\/\/h3o.es\/es\/reforma-de-piso-en-barcelona-calle-parlament\/\",\"url\":\"https:\/\/h3o.es\/es\/reforma-de-piso-en-barcelona-calle-parlament\/\",\"name\":\"Reforma de pis a Barcelona, carrer Parlament - h3o arch\",\"isPartOf\":{\"@id\":\"https:\/\/h3o.es\/en\/#website\"},\"primaryImageOfPage\":{\"@id\":\"https:\/\/h3o.es\/es\/reforma-de-piso-en-barcelona-calle-parlament\/#primaryimage\"},\"image\":{\"@id\":\"https:\/\/h3o.es\/es\/reforma-de-piso-en-barcelona-calle-parlament\/#primaryimage\"},\"thumbnailUrl\":\"https:\/\/h3o.es\/wp-content\/uploads\/2019\/02\/reforma_integral_piso_pis_calle_carrer_parlamento_parlament_barcelona_sant_antoni_dise\u00f1o_arquitectura_pinterest_interiorismo_madera_luz_blanco_07-1.jpg\",\"datePublished\":\"2019-02-15T09:40:29+00:00\",\"dateModified\":\"2026-03-06T17:41:08+00:00\",\"author\":{\"@id\":\"https:\/\/h3o.es\/en\/#\/schema\/person\/e3e564e0d9bf054e63890895e3de43b0\"},\"description\":\"Loft-no loft' per h3o arch, una reforma de pis a Barcelona a Parlament, o com omplir un llen\u00e7 en blanc mitjan\u00e7ant mobles de sinuoses formes.\",\"breadcrumb\":{\"@id\":\"https:\/\/h3o.es\/es\/reforma-de-piso-en-barcelona-calle-parlament\/#breadcrumb\"},\"inLanguage\":\"es\",\"potentialAction\":[{\"@type\":\"ReadAction\",\"target\":[\"https:\/\/h3o.es\/es\/reforma-de-piso-en-barcelona-calle-parlament\/\"]}]},{\"@type\":\"ImageObject\",\"inLanguage\":\"es\",\"@id\":\"https:\/\/h3o.es\/es\/reforma-de-piso-en-barcelona-calle-parlament\/#primaryimage\",\"url\":\"https:\/\/h3o.es\/wp-content\/uploads\/2019\/02\/reforma_integral_piso_pis_calle_carrer_parlamento_parlament_barcelona_sant_antoni_dise\u00f1o_arquitectura_pinterest_interiorismo_madera_luz_blanco_07-1.jpg\",\"contentUrl\":\"https:\/\/h3o.es\/wp-content\/uploads\/2019\/02\/reforma_integral_piso_pis_calle_carrer_parlamento_parlament_barcelona_sant_antoni_dise\u00f1o_arquitectura_pinterest_interiorismo_madera_luz_blanco_07-1.jpg\",\"width\":1333,\"height\":2000,\"caption\":\"reforma piso Barcelona Eixample Sant Antoni\"},{\"@type\":\"BreadcrumbList\",\"@id\":\"https:\/\/h3o.es\/es\/reforma-de-piso-en-barcelona-calle-parlament\/#breadcrumb\",\"itemListElement\":[{\"@type\":\"ListItem\",\"position\":1,\"name\":\"Portada\",\"item\":\"https:\/\/h3o.es\/es\/\"},{\"@type\":\"ListItem\",\"position\":2,\"name\":\"Reforma de piso en Barcelona &#8211; Calle Parlament\"}]},{\"@type\":\"WebSite\",\"@id\":\"https:\/\/h3o.es\/en\/#website\",\"url\":\"https:\/\/h3o.es\/en\/\",\"name\":\"h3o\",\"description\":\"\",\"potentialAction\":[{\"@type\":\"SearchAction\",\"target\":{\"@type\":\"EntryPoint\",\"urlTemplate\":\"https:\/\/h3o.es\/en\/?s={search_term_string}\"},\"query-input\":{\"@type\":\"PropertyValueSpecification\",\"valueRequired\":true,\"valueName\":\"search_term_string\"}}],\"inLanguage\":\"es\"},{\"@type\":\"Person\",\"@id\":\"https:\/\/h3o.es\/en\/#\/schema\/person\/e3e564e0d9bf054e63890895e3de43b0\",\"name\":\"arquitectura\",\"image\":{\"@type\":\"ImageObject\",\"inLanguage\":\"es\",\"@id\":\"https:\/\/h3o.es\/en\/#\/schema\/person\/image\/\",\"url\":\"https:\/\/secure.gravatar.com\/avatar\/1601a84f38d94320c534f2e7a4829a2f83aaab548b06d38f8ab1b9f99d5fb9c0?s=96&d=mm&r=g\",\"contentUrl\":\"https:\/\/secure.gravatar.com\/avatar\/1601a84f38d94320c534f2e7a4829a2f83aaab548b06d38f8ab1b9f99d5fb9c0?s=96&d=mm&r=g\",\"caption\":\"arquitectura\"}}]}<\/script>\n<!-- \/ Yoast SEO plugin. -->","yoast_head_json":{"title":"Reforma de pis a Barcelona, carrer Parlament - h3o arch","description":"Loft-no loft' per h3o arch, una reforma de pis a Barcelona a Parlament, o com omplir un llen\u00e7 en blanc mitjan\u00e7ant mobles de sinuoses formes.","robots":{"index":"index","follow":"follow","max-snippet":"max-snippet:-1","max-image-preview":"max-image-preview:large","max-video-preview":"max-video-preview:-1"},"canonical":"https:\/\/h3o.es\/es\/reforma-de-piso-en-barcelona-calle-parlament\/","og_locale":"es_ES","og_type":"article","og_title":"Reforma de pis a Barcelona, carrer Parlament - h3o arch","og_description":"Loft-no loft' per h3o arch, una reforma de pis a Barcelona a Parlament, o com omplir un llen\u00e7 en blanc mitjan\u00e7ant mobles de sinuoses formes.","og_url":"https:\/\/h3o.es\/es\/reforma-de-piso-en-barcelona-calle-parlament\/","og_site_name":"h3o","article_published_time":"2019-02-15T09:40:29+00:00","article_modified_time":"2026-03-06T17:41:08+00:00","og_image":[{"width":1333,"height":2000,"url":"https:\/\/h3o.es\/wp-content\/uploads\/2019\/02\/reforma_integral_piso_pis_calle_carrer_parlamento_parlament_barcelona_sant_antoni_dise\u00f1o_arquitectura_pinterest_interiorismo_madera_luz_blanco_07-1.jpg","type":"image\/jpeg"}],"author":"arquitectura","twitter_card":"summary_large_image","twitter_misc":{"Escrito por":"arquitectura","Tiempo de lectura":"2 minutos"},"schema":{"@context":"https:\/\/schema.org","@graph":[{"@type":"WebPage","@id":"https:\/\/h3o.es\/es\/reforma-de-piso-en-barcelona-calle-parlament\/","url":"https:\/\/h3o.es\/es\/reforma-de-piso-en-barcelona-calle-parlament\/","name":"Reforma de pis a Barcelona, carrer Parlament - h3o arch","isPartOf":{"@id":"https:\/\/h3o.es\/en\/#website"},"primaryImageOfPage":{"@id":"https:\/\/h3o.es\/es\/reforma-de-piso-en-barcelona-calle-parlament\/#primaryimage"},"image":{"@id":"https:\/\/h3o.es\/es\/reforma-de-piso-en-barcelona-calle-parlament\/#primaryimage"},"thumbnailUrl":"https:\/\/h3o.es\/wp-content\/uploads\/2019\/02\/reforma_integral_piso_pis_calle_carrer_parlamento_parlament_barcelona_sant_antoni_dise\u00f1o_arquitectura_pinterest_interiorismo_madera_luz_blanco_07-1.jpg","datePublished":"2019-02-15T09:40:29+00:00","dateModified":"2026-03-06T17:41:08+00:00","author":{"@id":"https:\/\/h3o.es\/en\/#\/schema\/person\/e3e564e0d9bf054e63890895e3de43b0"},"description":"Loft-no loft' per h3o arch, una reforma de pis a Barcelona a Parlament, o com omplir un llen\u00e7 en blanc mitjan\u00e7ant mobles de sinuoses formes.","breadcrumb":{"@id":"https:\/\/h3o.es\/es\/reforma-de-piso-en-barcelona-calle-parlament\/#breadcrumb"},"inLanguage":"es","potentialAction":[{"@type":"ReadAction","target":["https:\/\/h3o.es\/es\/reforma-de-piso-en-barcelona-calle-parlament\/"]}]},{"@type":"ImageObject","inLanguage":"es","@id":"https:\/\/h3o.es\/es\/reforma-de-piso-en-barcelona-calle-parlament\/#primaryimage","url":"https:\/\/h3o.es\/wp-content\/uploads\/2019\/02\/reforma_integral_piso_pis_calle_carrer_parlamento_parlament_barcelona_sant_antoni_dise\u00f1o_arquitectura_pinterest_interiorismo_madera_luz_blanco_07-1.jpg","contentUrl":"https:\/\/h3o.es\/wp-content\/uploads\/2019\/02\/reforma_integral_piso_pis_calle_carrer_parlamento_parlament_barcelona_sant_antoni_dise\u00f1o_arquitectura_pinterest_interiorismo_madera_luz_blanco_07-1.jpg","width":1333,"height":2000,"caption":"reforma piso Barcelona Eixample Sant Antoni"},{"@type":"BreadcrumbList","@id":"https:\/\/h3o.es\/es\/reforma-de-piso-en-barcelona-calle-parlament\/#breadcrumb","itemListElement":[{"@type":"ListItem","position":1,"name":"Portada","item":"https:\/\/h3o.es\/es\/"},{"@type":"ListItem","position":2,"name":"Reforma de piso en Barcelona &#8211; Calle Parlament"}]},{"@type":"WebSite","@id":"https:\/\/h3o.es\/en\/#website","url":"https:\/\/h3o.es\/en\/","name":"h3o","description":"","potentialAction":[{"@type":"SearchAction","target":{"@type":"EntryPoint","urlTemplate":"https:\/\/h3o.es\/en\/?s={search_term_string}"},"query-input":{"@type":"PropertyValueSpecification","valueRequired":true,"valueName":"search_term_string"}}],"inLanguage":"es"},{"@type":"Person","@id":"https:\/\/h3o.es\/en\/#\/schema\/person\/e3e564e0d9bf054e63890895e3de43b0","name":"arquitectura","image":{"@type":"ImageObject","inLanguage":"es","@id":"https:\/\/h3o.es\/en\/#\/schema\/person\/image\/","url":"https:\/\/secure.gravatar.com\/avatar\/1601a84f38d94320c534f2e7a4829a2f83aaab548b06d38f8ab1b9f99d5fb9c0?s=96&d=mm&r=g","contentUrl":"https:\/\/secure.gravatar.com\/avatar\/1601a84f38d94320c534f2e7a4829a2f83aaab548b06d38f8ab1b9f99d5fb9c0?s=96&d=mm&r=g","caption":"arquitectura"}}]}},"_links":{"self":[{"href":"https:\/\/h3o.es\/es\/wp-json\/wp\/v2\/posts\/1714","targetHints":{"allow":["GET"]}}],"collection":[{"href":"https:\/\/h3o.es\/es\/wp-json\/wp\/v2\/posts"}],"about":[{"href":"https:\/\/h3o.es\/es\/wp-json\/wp\/v2\/types\/post"}],"author":[{"embeddable":true,"href":"https:\/\/h3o.es\/es\/wp-json\/wp\/v2\/users\/2"}],"replies":[{"embeddable":true,"href":"https:\/\/h3o.es\/es\/wp-json\/wp\/v2\/comments?post=1714"}],"version-history":[{"count":42,"href":"https:\/\/h3o.es\/es\/wp-json\/wp\/v2\/posts\/1714\/revisions"}],"predecessor-version":[{"id":12058,"href":"https:\/\/h3o.es\/es\/wp-json\/wp\/v2\/posts\/1714\/revisions\/12058"}],"wp:featuredmedia":[{"embeddable":true,"href":"https:\/\/h3o.es\/es\/wp-json\/wp\/v2\/media\/2277"}],"wp:attachment":[{"href":"https:\/\/h3o.es\/es\/wp-json\/wp\/v2\/media?parent=1714"}],"wp:term":[{"taxonomy":"category","embeddable":true,"href":"https:\/\/h3o.es\/es\/wp-json\/wp\/v2\/categories?post=1714"},{"taxonomy":"post_tag","embeddable":true,"href":"https:\/\/h3o.es\/es\/wp-json\/wp\/v2\/tags?post=1714"}],"curies":[{"name":"wp","href":"https:\/\/api.w.org\/{rel}","templated":true}]}}