{"id":3033,"date":"2020-11-24T16:09:48","date_gmt":"2020-11-24T16:09:48","guid":{"rendered":"https:\/\/h3o.es\/?p=3033"},"modified":"2026-03-03T10:22:51","modified_gmt":"2026-03-03T10:22:51","slug":"nueva-biblioteca-arenys-de-mar-h3o","status":"publish","type":"post","link":"https:\/\/h3o.es\/es\/nueva-biblioteca-arenys-de-mar-h3o\/","title":{"rendered":"Nueva biblioteca en Arenys de Mar &#8211; 2019-&#8230;"},"content":{"rendered":"<p>NOVA BIBLIOTECA ARENYS DE MAR<\/p>\n<p>Les clarisses, epicentre d\u2019un gran pulm\u00f3 verd que conecta la riera amb el parc de Lourdes<\/p>\n<p>La recuperaci\u00f3 de les Clarisses no nom\u00e9s s\u2019ha d\u2019entendre com l\u2019ocasi\u00f3 per recuperar l\u2019antic convent com a nou empla\u00e7ament per la biblioteca Pare Fidel Fita i l\u2019Arxiu Salvador Espriu sin\u00f3 tamb\u00e9 per configurar un gran parc que marqui un punt d\u2019inflexi\u00f3 en el model de desenvolupament urb\u00e0 d\u2019Arenys.<\/p>\n<p>Un nou Arenys on la natura, com en l\u2019Arenys d\u2019abans que mostren les postals, tingui un paper clau com articulador del teixit urb\u00e0 i social.<\/p>\n<p>Les Clarisses ser\u00e0 el centre d\u2019un pulm\u00f3 verd connectat mar-muntanya a una riera renaturalitzada que millori la qualitat de vida dels arenyencs refor\u00e7ant-ne els lla\u00e7os socials i de cures de la comunitat i que doni compliment a l\u2019obligada lluita contra el canvi clim\u00e0tic.<\/p>\n<p>Efici\u00e8ncia energ\u00e8tica i cicle de vida dels materials &#8211;<br \/>\nMinimitzaci\u00f3 de la demanda energ\u00e8tica de l\u2019edifici:<br \/>\nEs treballar\u00e0 l\u2019aprofitament de les diferents fonts de recursos naturals: sol, aire, vegetaci\u00f3 i terra.Per l\u2019aprofitament del sol es planteja una fa\u00e7ana sud-oest completament exposada, que permeti una important insolaci\u00f3 en per\u00edodes hivernals. Aquesta exposici\u00f3, coincident amb l\u2019ocupaci\u00f3 m\u00e0xima de la biblioteca, permet reduir el consum energ\u00e8tic per calefacci\u00f3. Tanmateix, el benefici a l\u2019hivern esdev\u00e9 un potencial perill a l\u2019estiu. Per aix\u00f2, es plantegen tendals coberts de vegetaci\u00f3 caduca, que proporcionaran ombra durant tot el dia en aquesta fa\u00e7ana, combinats amb screens verticals espec\u00edfics per evitar l\u2019enlluernament de les hores de tarda. Un sistema natural i estacionari combinat amb un sistema motoritzat diari per cobrir tot l\u2019espectre de possibilitats de desconfort t\u00e8rmic i visual.Per l\u2019aprofitament del vent es planteja un sistema d\u2019apertura a la fa\u00e7ana sud oest a una cota m\u00e9s baixa i una sortida per lluernaris a la coberta oposada orientada a nord est a una cota m\u00e9s elevada. Aquest sistema es gestionar\u00e0 mitjan\u00e7ant sensors interiors i una petita\u00a0 estaci\u00f3 meteorol\u00f2gica ubicada in situ, amb un algoritme de control que tingui en compte condicions de temperatura, humitat i CO2 interiors i les condicions ambientals exteriors.\u00a0Per l\u2019aprofitament de la vegetaci\u00f3 es planteja protegir la fa\u00e7ana sud oest amb tendals horitzontals recoberts de vegetaci\u00f3 caduca, que permetin el pas del sol a l\u2019hivern i l\u2019impedeixin a l\u2019estiu. Tanmateix, el plantejament org\u00e0nic de l\u2019espai d\u2019aquesta fa\u00e7ana, permet una estrat\u00e8gia de protecci\u00f3 estacional amb arbres i vegetaci\u00f3 baixa durant l\u2019entretemps i l\u2019estiu. Les zones verdes d\u2019aquesta zona tamb\u00e9 funcionen com refugis clim\u00e0tics locals, reduint la temperatura ambient i regulant la humitat.Per l\u2019aprofitament del terra es proposen dos l\u00ednies d\u2019actuaci\u00f3. La primera, per reducci\u00f3 de la demanda t\u00e8rmica, s\u2019estudiar\u00e0 el comportament de l\u2019edifici tot mantenint la fa\u00e7ana patrimonial de mur de pedra de 50cm (aproximadament) sense a\u00efllament interior ni exterior, per aprofitar la in\u00e8rcia t\u00e8rmica de les construccions de l\u2019\u00e8poca. En aquest estudi s\u2019intentar\u00e0 maximitzar les propietats inercials d\u2019aquests murs buscant el comprom\u00eds entre les exig\u00e8ncies de confort t\u00e8rmic de l\u2019actualitat i els beneficis de l\u2019arquitectura tradicional. Per altra banda, es planteja un sistema geot\u00e8rmic que permeti l\u2019aprofitament de l\u2019estabilitat en la temperatura del terra i una major efici\u00e8ncia en la dissipaci\u00f3 de l\u2019equipament de producci\u00f3 energ\u00e8tica.<\/p>\n","protected":false},"excerpt":{"rendered":"<p>NOVA BIBLIOTECA ARENYS DE MAR Les clarisses, epicentre d\u2019un gran pulm\u00f3 verd que conecta la riera amb el parc de Lourdes La recuperaci\u00f3 &hellip;<\/p>\n","protected":false},"author":2,"featured_media":3787,"comment_status":"closed","ping_status":"closed","sticky":false,"template":"","format":"standard","meta":{"_acf_changed":false,"footnotes":""},"categories":[11],"tags":[],"class_list":["post-3033","post","type-post","status-publish","format-standard","has-post-thumbnail","hentry","category-obra-es"],"acf":[],"yoast_head":"<!-- This site is optimized with the Yoast SEO plugin v25.3 - https:\/\/yoast.com\/wordpress\/plugins\/seo\/ -->\n<title>Nova biblioteca Arenys de Mar - Primer Premi - SESSIRALCSEL<\/title>\n<meta name=\"description\" content=\"Primer premi nova biblioteca d&#039;Arenys de mar. SESSIRALCSEL proposta guanyadora d&#039;h3o juntament amb Domingo-Ferre per construir la nova biblioteca a arenys\" \/>\n<meta name=\"robots\" content=\"index, follow, max-snippet:-1, max-image-preview:large, max-video-preview:-1\" \/>\n<link rel=\"canonical\" href=\"https:\/\/h3o.es\/es\/nueva-biblioteca-arenys-de-mar-h3o\/\" \/>\n<meta property=\"og:locale\" content=\"es_ES\" \/>\n<meta property=\"og:type\" content=\"article\" \/>\n<meta property=\"og:title\" content=\"Nova biblioteca Arenys de Mar - Primer Premi - SESSIRALCSEL\" \/>\n<meta property=\"og:description\" content=\"Primer premi nova biblioteca d&#039;Arenys de mar. SESSIRALCSEL proposta guanyadora d&#039;h3o juntament amb Domingo-Ferre per construir la nova biblioteca a arenys\" \/>\n<meta property=\"og:url\" content=\"https:\/\/h3o.es\/es\/nueva-biblioteca-arenys-de-mar-h3o\/\" \/>\n<meta property=\"og:site_name\" content=\"h3o\" \/>\n<meta property=\"article:published_time\" content=\"2020-11-24T16:09:48+00:00\" \/>\n<meta property=\"article:modified_time\" content=\"2026-03-03T10:22:51+00:00\" \/>\n<meta property=\"og:image\" content=\"https:\/\/h3o.es\/wp-content\/uploads\/2020\/03\/primer_premi_nova_biblioteca_arenys_de_mar_library_fisrt_prize_competition_h3o_architects_01.jpg\" \/>\n\t<meta property=\"og:image:width\" content=\"1834\" \/>\n\t<meta property=\"og:image:height\" content=\"2000\" \/>\n\t<meta property=\"og:image:type\" content=\"image\/jpeg\" \/>\n<meta name=\"author\" content=\"arquitectura\" \/>\n<meta name=\"twitter:card\" content=\"summary_large_image\" \/>\n<meta name=\"twitter:label1\" content=\"Escrito por\" \/>\n\t<meta name=\"twitter:data1\" content=\"arquitectura\" \/>\n\t<meta name=\"twitter:label2\" content=\"Tiempo de lectura\" \/>\n\t<meta name=\"twitter:data2\" content=\"4 minutos\" \/>\n<script type=\"application\/ld+json\" class=\"yoast-schema-graph\">{\"@context\":\"https:\/\/schema.org\",\"@graph\":[{\"@type\":\"WebPage\",\"@id\":\"https:\/\/h3o.es\/es\/nueva-biblioteca-arenys-de-mar-h3o\/\",\"url\":\"https:\/\/h3o.es\/es\/nueva-biblioteca-arenys-de-mar-h3o\/\",\"name\":\"Nova biblioteca Arenys de Mar - Primer Premi - SESSIRALCSEL\",\"isPartOf\":{\"@id\":\"https:\/\/h3o.es\/en\/#website\"},\"primaryImageOfPage\":{\"@id\":\"https:\/\/h3o.es\/es\/nueva-biblioteca-arenys-de-mar-h3o\/#primaryimage\"},\"image\":{\"@id\":\"https:\/\/h3o.es\/es\/nueva-biblioteca-arenys-de-mar-h3o\/#primaryimage\"},\"thumbnailUrl\":\"https:\/\/h3o.es\/wp-content\/uploads\/2020\/03\/primer_premi_nova_biblioteca_arenys_de_mar_library_fisrt_prize_competition_h3o_architects_01.jpg\",\"datePublished\":\"2020-11-24T16:09:48+00:00\",\"dateModified\":\"2026-03-03T10:22:51+00:00\",\"author\":{\"@id\":\"https:\/\/h3o.es\/en\/#\/schema\/person\/e3e564e0d9bf054e63890895e3de43b0\"},\"description\":\"Primer premi nova biblioteca d'Arenys de mar. SESSIRALCSEL proposta guanyadora d'h3o juntament amb Domingo-Ferre per construir la nova biblioteca a arenys\",\"breadcrumb\":{\"@id\":\"https:\/\/h3o.es\/es\/nueva-biblioteca-arenys-de-mar-h3o\/#breadcrumb\"},\"inLanguage\":\"es\",\"potentialAction\":[{\"@type\":\"ReadAction\",\"target\":[\"https:\/\/h3o.es\/es\/nueva-biblioteca-arenys-de-mar-h3o\/\"]}]},{\"@type\":\"ImageObject\",\"inLanguage\":\"es\",\"@id\":\"https:\/\/h3o.es\/es\/nueva-biblioteca-arenys-de-mar-h3o\/#primaryimage\",\"url\":\"https:\/\/h3o.es\/wp-content\/uploads\/2020\/03\/primer_premi_nova_biblioteca_arenys_de_mar_library_fisrt_prize_competition_h3o_architects_01.jpg\",\"contentUrl\":\"https:\/\/h3o.es\/wp-content\/uploads\/2020\/03\/primer_premi_nova_biblioteca_arenys_de_mar_library_fisrt_prize_competition_h3o_architects_01.jpg\",\"width\":1834,\"height\":2000},{\"@type\":\"BreadcrumbList\",\"@id\":\"https:\/\/h3o.es\/es\/nueva-biblioteca-arenys-de-mar-h3o\/#breadcrumb\",\"itemListElement\":[{\"@type\":\"ListItem\",\"position\":1,\"name\":\"Portada\",\"item\":\"https:\/\/h3o.es\/es\/\"},{\"@type\":\"ListItem\",\"position\":2,\"name\":\"Nueva biblioteca en Arenys de Mar &#8211; 2019-&#8230;\"}]},{\"@type\":\"WebSite\",\"@id\":\"https:\/\/h3o.es\/en\/#website\",\"url\":\"https:\/\/h3o.es\/en\/\",\"name\":\"h3o\",\"description\":\"\",\"potentialAction\":[{\"@type\":\"SearchAction\",\"target\":{\"@type\":\"EntryPoint\",\"urlTemplate\":\"https:\/\/h3o.es\/en\/?s={search_term_string}\"},\"query-input\":{\"@type\":\"PropertyValueSpecification\",\"valueRequired\":true,\"valueName\":\"search_term_string\"}}],\"inLanguage\":\"es\"},{\"@type\":\"Person\",\"@id\":\"https:\/\/h3o.es\/en\/#\/schema\/person\/e3e564e0d9bf054e63890895e3de43b0\",\"name\":\"arquitectura\",\"image\":{\"@type\":\"ImageObject\",\"inLanguage\":\"es\",\"@id\":\"https:\/\/h3o.es\/en\/#\/schema\/person\/image\/\",\"url\":\"https:\/\/secure.gravatar.com\/avatar\/1601a84f38d94320c534f2e7a4829a2f83aaab548b06d38f8ab1b9f99d5fb9c0?s=96&d=mm&r=g\",\"contentUrl\":\"https:\/\/secure.gravatar.com\/avatar\/1601a84f38d94320c534f2e7a4829a2f83aaab548b06d38f8ab1b9f99d5fb9c0?s=96&d=mm&r=g\",\"caption\":\"arquitectura\"}}]}<\/script>\n<!-- \/ Yoast SEO plugin. -->","yoast_head_json":{"title":"Nova biblioteca Arenys de Mar - Primer Premi - SESSIRALCSEL","description":"Primer premi nova biblioteca d'Arenys de mar. SESSIRALCSEL proposta guanyadora d'h3o juntament amb Domingo-Ferre per construir la nova biblioteca a arenys","robots":{"index":"index","follow":"follow","max-snippet":"max-snippet:-1","max-image-preview":"max-image-preview:large","max-video-preview":"max-video-preview:-1"},"canonical":"https:\/\/h3o.es\/es\/nueva-biblioteca-arenys-de-mar-h3o\/","og_locale":"es_ES","og_type":"article","og_title":"Nova biblioteca Arenys de Mar - Primer Premi - SESSIRALCSEL","og_description":"Primer premi nova biblioteca d'Arenys de mar. SESSIRALCSEL proposta guanyadora d'h3o juntament amb Domingo-Ferre per construir la nova biblioteca a arenys","og_url":"https:\/\/h3o.es\/es\/nueva-biblioteca-arenys-de-mar-h3o\/","og_site_name":"h3o","article_published_time":"2020-11-24T16:09:48+00:00","article_modified_time":"2026-03-03T10:22:51+00:00","og_image":[{"width":1834,"height":2000,"url":"https:\/\/h3o.es\/wp-content\/uploads\/2020\/03\/primer_premi_nova_biblioteca_arenys_de_mar_library_fisrt_prize_competition_h3o_architects_01.jpg","type":"image\/jpeg"}],"author":"arquitectura","twitter_card":"summary_large_image","twitter_misc":{"Escrito por":"arquitectura","Tiempo de lectura":"4 minutos"},"schema":{"@context":"https:\/\/schema.org","@graph":[{"@type":"WebPage","@id":"https:\/\/h3o.es\/es\/nueva-biblioteca-arenys-de-mar-h3o\/","url":"https:\/\/h3o.es\/es\/nueva-biblioteca-arenys-de-mar-h3o\/","name":"Nova biblioteca Arenys de Mar - Primer Premi - SESSIRALCSEL","isPartOf":{"@id":"https:\/\/h3o.es\/en\/#website"},"primaryImageOfPage":{"@id":"https:\/\/h3o.es\/es\/nueva-biblioteca-arenys-de-mar-h3o\/#primaryimage"},"image":{"@id":"https:\/\/h3o.es\/es\/nueva-biblioteca-arenys-de-mar-h3o\/#primaryimage"},"thumbnailUrl":"https:\/\/h3o.es\/wp-content\/uploads\/2020\/03\/primer_premi_nova_biblioteca_arenys_de_mar_library_fisrt_prize_competition_h3o_architects_01.jpg","datePublished":"2020-11-24T16:09:48+00:00","dateModified":"2026-03-03T10:22:51+00:00","author":{"@id":"https:\/\/h3o.es\/en\/#\/schema\/person\/e3e564e0d9bf054e63890895e3de43b0"},"description":"Primer premi nova biblioteca d'Arenys de mar. SESSIRALCSEL proposta guanyadora d'h3o juntament amb Domingo-Ferre per construir la nova biblioteca a arenys","breadcrumb":{"@id":"https:\/\/h3o.es\/es\/nueva-biblioteca-arenys-de-mar-h3o\/#breadcrumb"},"inLanguage":"es","potentialAction":[{"@type":"ReadAction","target":["https:\/\/h3o.es\/es\/nueva-biblioteca-arenys-de-mar-h3o\/"]}]},{"@type":"ImageObject","inLanguage":"es","@id":"https:\/\/h3o.es\/es\/nueva-biblioteca-arenys-de-mar-h3o\/#primaryimage","url":"https:\/\/h3o.es\/wp-content\/uploads\/2020\/03\/primer_premi_nova_biblioteca_arenys_de_mar_library_fisrt_prize_competition_h3o_architects_01.jpg","contentUrl":"https:\/\/h3o.es\/wp-content\/uploads\/2020\/03\/primer_premi_nova_biblioteca_arenys_de_mar_library_fisrt_prize_competition_h3o_architects_01.jpg","width":1834,"height":2000},{"@type":"BreadcrumbList","@id":"https:\/\/h3o.es\/es\/nueva-biblioteca-arenys-de-mar-h3o\/#breadcrumb","itemListElement":[{"@type":"ListItem","position":1,"name":"Portada","item":"https:\/\/h3o.es\/es\/"},{"@type":"ListItem","position":2,"name":"Nueva biblioteca en Arenys de Mar &#8211; 2019-&#8230;"}]},{"@type":"WebSite","@id":"https:\/\/h3o.es\/en\/#website","url":"https:\/\/h3o.es\/en\/","name":"h3o","description":"","potentialAction":[{"@type":"SearchAction","target":{"@type":"EntryPoint","urlTemplate":"https:\/\/h3o.es\/en\/?s={search_term_string}"},"query-input":{"@type":"PropertyValueSpecification","valueRequired":true,"valueName":"search_term_string"}}],"inLanguage":"es"},{"@type":"Person","@id":"https:\/\/h3o.es\/en\/#\/schema\/person\/e3e564e0d9bf054e63890895e3de43b0","name":"arquitectura","image":{"@type":"ImageObject","inLanguage":"es","@id":"https:\/\/h3o.es\/en\/#\/schema\/person\/image\/","url":"https:\/\/secure.gravatar.com\/avatar\/1601a84f38d94320c534f2e7a4829a2f83aaab548b06d38f8ab1b9f99d5fb9c0?s=96&d=mm&r=g","contentUrl":"https:\/\/secure.gravatar.com\/avatar\/1601a84f38d94320c534f2e7a4829a2f83aaab548b06d38f8ab1b9f99d5fb9c0?s=96&d=mm&r=g","caption":"arquitectura"}}]}},"_links":{"self":[{"href":"https:\/\/h3o.es\/es\/wp-json\/wp\/v2\/posts\/3033","targetHints":{"allow":["GET"]}}],"collection":[{"href":"https:\/\/h3o.es\/es\/wp-json\/wp\/v2\/posts"}],"about":[{"href":"https:\/\/h3o.es\/es\/wp-json\/wp\/v2\/types\/post"}],"author":[{"embeddable":true,"href":"https:\/\/h3o.es\/es\/wp-json\/wp\/v2\/users\/2"}],"replies":[{"embeddable":true,"href":"https:\/\/h3o.es\/es\/wp-json\/wp\/v2\/comments?post=3033"}],"version-history":[{"count":42,"href":"https:\/\/h3o.es\/es\/wp-json\/wp\/v2\/posts\/3033\/revisions"}],"predecessor-version":[{"id":11445,"href":"https:\/\/h3o.es\/es\/wp-json\/wp\/v2\/posts\/3033\/revisions\/11445"}],"wp:featuredmedia":[{"embeddable":true,"href":"https:\/\/h3o.es\/es\/wp-json\/wp\/v2\/media\/3787"}],"wp:attachment":[{"href":"https:\/\/h3o.es\/es\/wp-json\/wp\/v2\/media?parent=3033"}],"wp:term":[{"taxonomy":"category","embeddable":true,"href":"https:\/\/h3o.es\/es\/wp-json\/wp\/v2\/categories?post=3033"},{"taxonomy":"post_tag","embeddable":true,"href":"https:\/\/h3o.es\/es\/wp-json\/wp\/v2\/tags?post=3033"}],"curies":[{"name":"wp","href":"https:\/\/api.w.org\/{rel}","templated":true}]}}