{"id":5043,"date":"2022-03-02T17:35:28","date_gmt":"2022-03-02T17:35:28","guid":{"rendered":"https:\/\/h3o.es\/third-nature-renaturalizing-an-industrial-area\/"},"modified":"2026-02-23T11:04:41","modified_gmt":"2026-02-23T11:04:41","slug":"labarbacoacomunal","status":"publish","type":"post","link":"https:\/\/h3o.es\/es\/labarbacoacomunal\/","title":{"rendered":"LA BARBACOA COMUNAL"},"content":{"rendered":"<h2 id=\"proyecto-de-arquitectura-sostenible\"><a class=\"anchor\" href=\"#proyecto-de-arquitectura-sostenible\"><i class=\"fa fa-link\"><\/i><\/a>Proyecto de Arquitectura Sostenible<\/h2>\n<p>En el coraz\u00f3n de Castell d&#8217;Aro, un proyecto de arquitectura sostenible est\u00e1 dando vida a un espacio olvidado, transform\u00e1ndolo en un oasis de comida comunitaria y naturaleza. En este texto, exploraremos c\u00f3mo la iniciativa \u00abAFTERCARS\u00bb busca cambiar la percepci\u00f3n de un \u00e1rea industrial abandonada, convirti\u00e9ndola en una nueva plaza verde y renaturalizada que promueve el desarrollo sostenible.<\/p>\n<h2 id=\"espacio-p%c3%bablico-como-elemento-de-generaci%c3%b3n-de-identidad-comunitaria-y-uni%c3%b3n-entre-personas\"><a class=\"anchor\" href=\"#espacio-p%c3%bablico-como-elemento-de-generaci%c3%b3n-de-identidad-comunitaria-y-uni%c3%b3n-entre-personas\"><i class=\"fa fa-link\"><\/i><\/a>Espacio p\u00fablico como elemento de generaci\u00f3n de identidad comunitaria y uni\u00f3n entre personas<\/h2>\n<p>Las comidas compartidas en espacios p\u00fablicos son una parte fundamental de la cultura mediterr\u00e1nea. Ya sea disfrutando de comidas callejeras durante la fiesta mayor o reuni\u00e9ndose alrededor de una barbacoa en un c\u00e1lido d\u00eda de verano, el acto de comer juntos une a las personas y fortalece la identidad comunitaria. Es en esta tradici\u00f3n que \u00abAFTERCARS\u00bb se inspira para su proyecto de transformaci\u00f3n.<\/p>\n<h2 id=\"proyecto-de-desarrollo-sostenible-espacio-p%c3%bablico\"><a class=\"anchor\" href=\"#proyecto-de-desarrollo-sostenible-espacio-p%c3%bablico\"><i class=\"fa fa-link\"><\/i><\/a>Proyecto de desarrollo sostenible: Espacio p\u00fablico<\/h2>\n<p>En la actualidad, el terreno que rodea Castell d&#8217;Aro est\u00e1 dominado por el asfalto y los veh\u00edculos. Lo que en su momento fue concebido como un acceso ajardinado al pueblo a trav\u00e9s de la antigua V\u00eda Verde, se ha convertido en un yermo campo de asfalto, alejado de su prop\u00f3sito original. Sin embargo, en medio de este paisaje desolado, una barbacoa p\u00fablica solitaria se erige como un faro de socializaci\u00f3n los fines de semana y festivos.<\/p>\n<p>\u00abAFTERCARS\u00bb comprende la importancia de preservar y potenciar lo que ya funciona en el lugar como motor del cambio. En lugar de demoler la barbacoa existente, se le otorga una nueva vida, con un acabado de baldosa azul tradicional que evoca los matices del Mediterr\u00e1neo. Una elegante p\u00e9rgola proporciona sombra a los cocineros, y una chimenea que recuerda a Hansel y Gretel lleva el humo por encima de los \u00e1rboles, anunciando la hora del almuerzo.<\/p>\n<p>Para promover la socializaci\u00f3n y el disfrute colectivo de la comida, se ha dise\u00f1ado una gran mesa zigzagueante e inclusiva con capacidad para 50 comensales. Su forma, inspirada en un ciempi\u00e9s, se entrelaza armoniosamente con los troncos de los \u00e1rboles, invitando a los vecinos a compartir momentos de convivencia y a fortalecer los lazos de amistad en un ambiente relajado y acogedor a la sombra de los \u00e1rboles.<\/p>\n","protected":false},"excerpt":{"rendered":"<p>Proyecto de Arquitectura Sostenible En el coraz\u00f3n de Castell d&#8217;Aro, un proyecto de arquitectura sostenible est\u00e1 dando vida a un espacio olvidado, transform\u00e1ndolo &hellip;<\/p>\n","protected":false},"author":2,"featured_media":7501,"comment_status":"closed","ping_status":"closed","sticky":false,"template":"","format":"standard","meta":{"_acf_changed":false,"footnotes":""},"categories":[11],"tags":[],"class_list":["post-5043","post","type-post","status-publish","format-standard","has-post-thumbnail","hentry","category-obra-es"],"acf":[],"yoast_head":"<!-- This site is optimized with the Yoast SEO plugin v25.3 - https:\/\/yoast.com\/wordpress\/plugins\/seo\/ -->\n<title>h3o - AFTERCARS - Arquitectura sostenible en el espacio p\u00fablico<\/title>\n<meta name=\"description\" content=\"En este proyecto de arquitectura sostenible en el espacio p\u00fablico h3o arch transforma un \u00e1rea industrial en una nueva plaza verde y naturalizada.\" \/>\n<meta name=\"robots\" content=\"index, follow, max-snippet:-1, max-image-preview:large, max-video-preview:-1\" \/>\n<link rel=\"canonical\" href=\"https:\/\/h3o.es\/es\/labarbacoacomunal\/\" \/>\n<meta property=\"og:locale\" content=\"es_ES\" \/>\n<meta property=\"og:type\" content=\"article\" \/>\n<meta property=\"og:title\" content=\"h3o - AFTERCARS - Arquitectura sostenible en el espacio p\u00fablico\" \/>\n<meta property=\"og:description\" content=\"En este proyecto de arquitectura sostenible en el espacio p\u00fablico h3o arch transforma un \u00e1rea industrial en una nueva plaza verde y naturalizada.\" \/>\n<meta property=\"og:url\" content=\"https:\/\/h3o.es\/es\/labarbacoacomunal\/\" \/>\n<meta property=\"og:site_name\" content=\"h3o\" \/>\n<meta property=\"article:published_time\" content=\"2022-03-02T17:35:28+00:00\" \/>\n<meta property=\"article:modified_time\" content=\"2026-02-23T11:04:41+00:00\" \/>\n<meta property=\"og:image\" content=\"https:\/\/h3o.es\/wp-content\/uploads\/2023\/09\/h3o-architects-cubierta-estudio-de-arquitectura-en-barcelona-estudi-darquitectura-a-barcelona-architecture-studio-in-barcelona-16.png\" \/>\n\t<meta property=\"og:image:width\" content=\"500\" \/>\n\t<meta property=\"og:image:height\" content=\"328\" \/>\n\t<meta property=\"og:image:type\" content=\"image\/png\" \/>\n<meta name=\"author\" content=\"arquitectura\" \/>\n<meta name=\"twitter:card\" content=\"summary_large_image\" \/>\n<meta name=\"twitter:label1\" content=\"Escrito por\" \/>\n\t<meta name=\"twitter:data1\" content=\"arquitectura\" \/>\n\t<meta name=\"twitter:label2\" content=\"Tiempo de lectura\" \/>\n\t<meta name=\"twitter:data2\" content=\"3 minutos\" \/>\n<script type=\"application\/ld+json\" class=\"yoast-schema-graph\">{\"@context\":\"https:\/\/schema.org\",\"@graph\":[{\"@type\":\"WebPage\",\"@id\":\"https:\/\/h3o.es\/es\/labarbacoacomunal\/\",\"url\":\"https:\/\/h3o.es\/es\/labarbacoacomunal\/\",\"name\":\"h3o - AFTERCARS - Arquitectura sostenible en el espacio p\u00fablico\",\"isPartOf\":{\"@id\":\"https:\/\/h3o.es\/en\/#website\"},\"primaryImageOfPage\":{\"@id\":\"https:\/\/h3o.es\/es\/labarbacoacomunal\/#primaryimage\"},\"image\":{\"@id\":\"https:\/\/h3o.es\/es\/labarbacoacomunal\/#primaryimage\"},\"thumbnailUrl\":\"https:\/\/h3o.es\/wp-content\/uploads\/2023\/09\/h3o-architects-cubierta-estudio-de-arquitectura-en-barcelona-estudi-darquitectura-a-barcelona-architecture-studio-in-barcelona-16.png\",\"datePublished\":\"2022-03-02T17:35:28+00:00\",\"dateModified\":\"2026-02-23T11:04:41+00:00\",\"author\":{\"@id\":\"https:\/\/h3o.es\/en\/#\/schema\/person\/e3e564e0d9bf054e63890895e3de43b0\"},\"description\":\"En este proyecto de arquitectura sostenible en el espacio p\u00fablico h3o arch transforma un \u00e1rea industrial en una nueva plaza verde y naturalizada.\",\"breadcrumb\":{\"@id\":\"https:\/\/h3o.es\/es\/labarbacoacomunal\/#breadcrumb\"},\"inLanguage\":\"es\",\"potentialAction\":[{\"@type\":\"ReadAction\",\"target\":[\"https:\/\/h3o.es\/es\/labarbacoacomunal\/\"]}]},{\"@type\":\"ImageObject\",\"inLanguage\":\"es\",\"@id\":\"https:\/\/h3o.es\/es\/labarbacoacomunal\/#primaryimage\",\"url\":\"https:\/\/h3o.es\/wp-content\/uploads\/2023\/09\/h3o-architects-cubierta-estudio-de-arquitectura-en-barcelona-estudi-darquitectura-a-barcelona-architecture-studio-in-barcelona-16.png\",\"contentUrl\":\"https:\/\/h3o.es\/wp-content\/uploads\/2023\/09\/h3o-architects-cubierta-estudio-de-arquitectura-en-barcelona-estudi-darquitectura-a-barcelona-architecture-studio-in-barcelona-16.png\",\"width\":500,\"height\":328,\"caption\":\"h3o architects estudio de arquitectura en barcelona estudi d'arquitectura a barcelona architecture studio in barcelona\"},{\"@type\":\"BreadcrumbList\",\"@id\":\"https:\/\/h3o.es\/es\/labarbacoacomunal\/#breadcrumb\",\"itemListElement\":[{\"@type\":\"ListItem\",\"position\":1,\"name\":\"Portada\",\"item\":\"https:\/\/h3o.es\/es\/\"},{\"@type\":\"ListItem\",\"position\":2,\"name\":\"LA BARBACOA COMUNAL\"}]},{\"@type\":\"WebSite\",\"@id\":\"https:\/\/h3o.es\/en\/#website\",\"url\":\"https:\/\/h3o.es\/en\/\",\"name\":\"h3o\",\"description\":\"\",\"potentialAction\":[{\"@type\":\"SearchAction\",\"target\":{\"@type\":\"EntryPoint\",\"urlTemplate\":\"https:\/\/h3o.es\/en\/?s={search_term_string}\"},\"query-input\":{\"@type\":\"PropertyValueSpecification\",\"valueRequired\":true,\"valueName\":\"search_term_string\"}}],\"inLanguage\":\"es\"},{\"@type\":\"Person\",\"@id\":\"https:\/\/h3o.es\/en\/#\/schema\/person\/e3e564e0d9bf054e63890895e3de43b0\",\"name\":\"arquitectura\",\"image\":{\"@type\":\"ImageObject\",\"inLanguage\":\"es\",\"@id\":\"https:\/\/h3o.es\/en\/#\/schema\/person\/image\/\",\"url\":\"https:\/\/secure.gravatar.com\/avatar\/1601a84f38d94320c534f2e7a4829a2f83aaab548b06d38f8ab1b9f99d5fb9c0?s=96&d=mm&r=g\",\"contentUrl\":\"https:\/\/secure.gravatar.com\/avatar\/1601a84f38d94320c534f2e7a4829a2f83aaab548b06d38f8ab1b9f99d5fb9c0?s=96&d=mm&r=g\",\"caption\":\"arquitectura\"}}]}<\/script>\n<!-- \/ Yoast SEO plugin. -->","yoast_head_json":{"title":"h3o - AFTERCARS - Arquitectura sostenible en el espacio p\u00fablico","description":"En este proyecto de arquitectura sostenible en el espacio p\u00fablico h3o arch transforma un \u00e1rea industrial en una nueva plaza verde y naturalizada.","robots":{"index":"index","follow":"follow","max-snippet":"max-snippet:-1","max-image-preview":"max-image-preview:large","max-video-preview":"max-video-preview:-1"},"canonical":"https:\/\/h3o.es\/es\/labarbacoacomunal\/","og_locale":"es_ES","og_type":"article","og_title":"h3o - AFTERCARS - Arquitectura sostenible en el espacio p\u00fablico","og_description":"En este proyecto de arquitectura sostenible en el espacio p\u00fablico h3o arch transforma un \u00e1rea industrial en una nueva plaza verde y naturalizada.","og_url":"https:\/\/h3o.es\/es\/labarbacoacomunal\/","og_site_name":"h3o","article_published_time":"2022-03-02T17:35:28+00:00","article_modified_time":"2026-02-23T11:04:41+00:00","og_image":[{"width":500,"height":328,"url":"https:\/\/h3o.es\/wp-content\/uploads\/2023\/09\/h3o-architects-cubierta-estudio-de-arquitectura-en-barcelona-estudi-darquitectura-a-barcelona-architecture-studio-in-barcelona-16.png","type":"image\/png"}],"author":"arquitectura","twitter_card":"summary_large_image","twitter_misc":{"Escrito por":"arquitectura","Tiempo de lectura":"3 minutos"},"schema":{"@context":"https:\/\/schema.org","@graph":[{"@type":"WebPage","@id":"https:\/\/h3o.es\/es\/labarbacoacomunal\/","url":"https:\/\/h3o.es\/es\/labarbacoacomunal\/","name":"h3o - AFTERCARS - Arquitectura sostenible en el espacio p\u00fablico","isPartOf":{"@id":"https:\/\/h3o.es\/en\/#website"},"primaryImageOfPage":{"@id":"https:\/\/h3o.es\/es\/labarbacoacomunal\/#primaryimage"},"image":{"@id":"https:\/\/h3o.es\/es\/labarbacoacomunal\/#primaryimage"},"thumbnailUrl":"https:\/\/h3o.es\/wp-content\/uploads\/2023\/09\/h3o-architects-cubierta-estudio-de-arquitectura-en-barcelona-estudi-darquitectura-a-barcelona-architecture-studio-in-barcelona-16.png","datePublished":"2022-03-02T17:35:28+00:00","dateModified":"2026-02-23T11:04:41+00:00","author":{"@id":"https:\/\/h3o.es\/en\/#\/schema\/person\/e3e564e0d9bf054e63890895e3de43b0"},"description":"En este proyecto de arquitectura sostenible en el espacio p\u00fablico h3o arch transforma un \u00e1rea industrial en una nueva plaza verde y naturalizada.","breadcrumb":{"@id":"https:\/\/h3o.es\/es\/labarbacoacomunal\/#breadcrumb"},"inLanguage":"es","potentialAction":[{"@type":"ReadAction","target":["https:\/\/h3o.es\/es\/labarbacoacomunal\/"]}]},{"@type":"ImageObject","inLanguage":"es","@id":"https:\/\/h3o.es\/es\/labarbacoacomunal\/#primaryimage","url":"https:\/\/h3o.es\/wp-content\/uploads\/2023\/09\/h3o-architects-cubierta-estudio-de-arquitectura-en-barcelona-estudi-darquitectura-a-barcelona-architecture-studio-in-barcelona-16.png","contentUrl":"https:\/\/h3o.es\/wp-content\/uploads\/2023\/09\/h3o-architects-cubierta-estudio-de-arquitectura-en-barcelona-estudi-darquitectura-a-barcelona-architecture-studio-in-barcelona-16.png","width":500,"height":328,"caption":"h3o architects estudio de arquitectura en barcelona estudi d'arquitectura a barcelona architecture studio in barcelona"},{"@type":"BreadcrumbList","@id":"https:\/\/h3o.es\/es\/labarbacoacomunal\/#breadcrumb","itemListElement":[{"@type":"ListItem","position":1,"name":"Portada","item":"https:\/\/h3o.es\/es\/"},{"@type":"ListItem","position":2,"name":"LA BARBACOA COMUNAL"}]},{"@type":"WebSite","@id":"https:\/\/h3o.es\/en\/#website","url":"https:\/\/h3o.es\/en\/","name":"h3o","description":"","potentialAction":[{"@type":"SearchAction","target":{"@type":"EntryPoint","urlTemplate":"https:\/\/h3o.es\/en\/?s={search_term_string}"},"query-input":{"@type":"PropertyValueSpecification","valueRequired":true,"valueName":"search_term_string"}}],"inLanguage":"es"},{"@type":"Person","@id":"https:\/\/h3o.es\/en\/#\/schema\/person\/e3e564e0d9bf054e63890895e3de43b0","name":"arquitectura","image":{"@type":"ImageObject","inLanguage":"es","@id":"https:\/\/h3o.es\/en\/#\/schema\/person\/image\/","url":"https:\/\/secure.gravatar.com\/avatar\/1601a84f38d94320c534f2e7a4829a2f83aaab548b06d38f8ab1b9f99d5fb9c0?s=96&d=mm&r=g","contentUrl":"https:\/\/secure.gravatar.com\/avatar\/1601a84f38d94320c534f2e7a4829a2f83aaab548b06d38f8ab1b9f99d5fb9c0?s=96&d=mm&r=g","caption":"arquitectura"}}]}},"_links":{"self":[{"href":"https:\/\/h3o.es\/es\/wp-json\/wp\/v2\/posts\/5043","targetHints":{"allow":["GET"]}}],"collection":[{"href":"https:\/\/h3o.es\/es\/wp-json\/wp\/v2\/posts"}],"about":[{"href":"https:\/\/h3o.es\/es\/wp-json\/wp\/v2\/types\/post"}],"author":[{"embeddable":true,"href":"https:\/\/h3o.es\/es\/wp-json\/wp\/v2\/users\/2"}],"replies":[{"embeddable":true,"href":"https:\/\/h3o.es\/es\/wp-json\/wp\/v2\/comments?post=5043"}],"version-history":[{"count":50,"href":"https:\/\/h3o.es\/es\/wp-json\/wp\/v2\/posts\/5043\/revisions"}],"predecessor-version":[{"id":11061,"href":"https:\/\/h3o.es\/es\/wp-json\/wp\/v2\/posts\/5043\/revisions\/11061"}],"wp:featuredmedia":[{"embeddable":true,"href":"https:\/\/h3o.es\/es\/wp-json\/wp\/v2\/media\/7501"}],"wp:attachment":[{"href":"https:\/\/h3o.es\/es\/wp-json\/wp\/v2\/media?parent=5043"}],"wp:term":[{"taxonomy":"category","embeddable":true,"href":"https:\/\/h3o.es\/es\/wp-json\/wp\/v2\/categories?post=5043"},{"taxonomy":"post_tag","embeddable":true,"href":"https:\/\/h3o.es\/es\/wp-json\/wp\/v2\/tags?post=5043"}],"curies":[{"name":"wp","href":"https:\/\/api.w.org\/{rel}","templated":true}]}}