{"id":5826,"date":"2023-04-14T13:39:03","date_gmt":"2023-04-14T13:39:03","guid":{"rendered":"https:\/\/h3o.es\/assemblea-nomada-festival-model-barcelona\/"},"modified":"2026-03-05T16:17:12","modified_gmt":"2026-03-05T16:17:12","slug":"asamblea-nomada-model-festival-arquitectura-barcelona","status":"publish","type":"post","link":"https:\/\/h3o.es\/es\/asamblea-nomada-model-festival-arquitectura-barcelona\/","title":{"rendered":"Asamblea N\u00f3mada &#8211; MODEL Festival Arquitecturas de Barcelona"},"content":{"rendered":"<h2 id=\"model-festival-de-arquitecturas-de-barcelona\"><a class=\"anchor\" href=\"#model-festival-de-arquitecturas-de-barcelona\"><i class=\"fa fa-link\"><\/i><\/a>Model Festival de Arquitecturas de Barcelona<\/h2>\n<p>Modal Festival: Arquitecturas de Barcelona es un evento que fomenta la reflexi\u00f3n y la celebraci\u00f3n en torno a la arquitectura experimental, buscando redefinir c\u00f3mo queremos vivir en la ciudad a trav\u00e9s de nuevos modelos urbanos y conceptos innovadores. Organizado por el Ayuntamiento de Barcelona y el Colegio de Arquitectos de Catalu\u00f1a en colaboraci\u00f3n con la Fundaci\u00f3n Mies van der Rohe, el festival re\u00fane a arquitectos, comisarios y m\u00e1s de 50 instituciones de la ciudad.<\/p>\n<h2 id=\"empat%c3%ada-radical-el-tema-central-de-2023\"><a class=\"anchor\" href=\"#empat%c3%ada-radical-el-tema-central-de-2023\"><i class=\"fa fa-link\"><\/i><\/a>Empat\u00eda Radical: El Tema Central de 2023<\/h2>\n<p>En 2023, el festival se centra en el concepto de \u00abempat\u00eda radical\u00bb, explorando c\u00f3mo el dise\u00f1o arquitect\u00f3nico puede abordar de manera profunda y aut\u00e9ntica las necesidades y experiencias de las personas. Esto implica dise\u00f1ar espacios que no solo sean funcionales, sino que tambi\u00e9n aborden cuestiones sociales, culturales y ambientales de manera transversal, contribuyendo a una sociedad m\u00e1s equitativa y sostenible.<\/p>\n<h2 id=\"temas-cruciales-e-innovaciones-arquitect%c3%b3nicas\"><a class=\"anchor\" href=\"#temas-cruciales-e-innovaciones-arquitect%c3%b3nicas\"><i class=\"fa fa-link\"><\/i><\/a>Temas Cruciales e Innovaciones Arquitect\u00f3nicas<\/h2>\n<p>El festival busca responder preguntas sobre la est\u00e9tica, la materialidad y los m\u00e9todos para crear una arquitectura radicalmente emp\u00e1tica y tambi\u00e9n explora las leyes, las econom\u00edas y las innovaciones arquitect\u00f3nicas que pueden construir un mundo mejor.<\/p>\n<h2 id=\"asamblea-n%c3%b3mada-fomentando-la-diversidad-y-el-di%c3%a1logo\"><a class=\"anchor\" href=\"#asamblea-n%c3%b3mada-fomentando-la-diversidad-y-el-di%c3%a1logo\"><i class=\"fa fa-link\"><\/i><\/a>Asamblea N\u00f3mada: Fomentando la Diversidad y el Di\u00e1logo<\/h2>\n<p>\u00abNomad Assembly\u00bb es una instalaci\u00f3n que promueve la interacci\u00f3n entre diferentes clases sociales en el mercado de los Encants, utilizando muebles y objetos para representar la diversidad identitaria y cultural. La obra se transforma y se mueve, proporcionando un espacio para el debate democr\u00e1tico y la interacci\u00f3n entre las personas.<\/p>\n<h2 id=\"transformando-la-ciudad-con-empat%c3%ada-e-inclusi%c3%b3n\"><a class=\"anchor\" href=\"#transformando-la-ciudad-con-empat%c3%ada-e-inclusi%c3%b3n\"><i class=\"fa fa-link\"><\/i><\/a>Transformando la Ciudad con Empat\u00eda e Inclusi\u00f3n<\/h2>\n<p>En resumen, el Festival Modal de Arquitecturas de Barcelona se centra en la arquitectura experimental y la empat\u00eda radical como una forma de abordar las necesidades de la sociedad y transformar la ciudad en un lugar m\u00e1s inclusivo y sostenible. El proyecto \u00abNomad Assembly\u00bb es un ejemplo de c\u00f3mo el dise\u00f1o puede promover la diversidad y el di\u00e1logo en un espacio urbano.<\/p>\n","protected":false},"excerpt":{"rendered":"<p>Model Festival de Arquitecturas de Barcelona Modal Festival: Arquitecturas de Barcelona es un evento que fomenta la reflexi\u00f3n y la celebraci\u00f3n en torno &hellip;<\/p>\n","protected":false},"author":2,"featured_media":7334,"comment_status":"closed","ping_status":"closed","sticky":false,"template":"","format":"standard","meta":{"_acf_changed":false,"footnotes":""},"categories":[11],"tags":[],"class_list":["post-5826","post","type-post","status-publish","format-standard","has-post-thumbnail","hentry","category-obra-es"],"acf":[],"yoast_head":"<!-- This site is optimized with the Yoast SEO plugin v25.3 - https:\/\/yoast.com\/wordpress\/plugins\/seo\/ -->\n<title>Asamblea N\u00f3mada - MODEL Festival Arquitecturas de Barcelona - h3o<\/title>\n<meta name=\"description\" content=\"Asamblea N\u00f3mada es la propuesta de h3o para MODEL Festival Arquitecturas de Barcelona. &quot;Empat\u00eda Radical&quot; para una ciudad m\u00e1s inclusiva y sostenible.\" \/>\n<meta name=\"robots\" content=\"index, follow, max-snippet:-1, max-image-preview:large, max-video-preview:-1\" \/>\n<link rel=\"canonical\" href=\"https:\/\/h3o.es\/es\/asamblea-nomada-model-festival-arquitectura-barcelona\/\" \/>\n<meta property=\"og:locale\" content=\"es_ES\" \/>\n<meta property=\"og:type\" content=\"article\" \/>\n<meta property=\"og:title\" content=\"Asamblea N\u00f3mada - MODEL Festival Arquitecturas de Barcelona - h3o\" \/>\n<meta property=\"og:description\" content=\"Asamblea N\u00f3mada es la propuesta de h3o para MODEL Festival Arquitecturas de Barcelona. &quot;Empat\u00eda Radical&quot; para una ciudad m\u00e1s inclusiva y sostenible.\" \/>\n<meta property=\"og:url\" content=\"https:\/\/h3o.es\/es\/asamblea-nomada-model-festival-arquitectura-barcelona\/\" \/>\n<meta property=\"og:site_name\" content=\"h3o\" \/>\n<meta property=\"article:published_time\" content=\"2023-04-14T13:39:03+00:00\" \/>\n<meta property=\"article:modified_time\" content=\"2026-03-05T16:17:12+00:00\" \/>\n<meta property=\"og:image\" content=\"https:\/\/h3o.es\/wp-content\/uploads\/2023\/09\/h3o-architects-modal-festival-nomad-assembly-ephimeral-architecture-fest-arquitectura-efi\u0301mera-pink-rosa-5.png\" \/>\n\t<meta property=\"og:image:width\" content=\"900\" \/>\n\t<meta property=\"og:image:height\" content=\"949\" \/>\n\t<meta property=\"og:image:type\" content=\"image\/png\" \/>\n<meta name=\"author\" content=\"arquitectura\" \/>\n<meta name=\"twitter:card\" content=\"summary_large_image\" \/>\n<meta name=\"twitter:label1\" content=\"Escrito por\" \/>\n\t<meta name=\"twitter:data1\" content=\"arquitectura\" \/>\n\t<meta name=\"twitter:label2\" content=\"Tiempo de lectura\" \/>\n\t<meta name=\"twitter:data2\" content=\"2 minutos\" \/>\n<script type=\"application\/ld+json\" class=\"yoast-schema-graph\">{\"@context\":\"https:\/\/schema.org\",\"@graph\":[{\"@type\":\"WebPage\",\"@id\":\"https:\/\/h3o.es\/es\/asamblea-nomada-model-festival-arquitectura-barcelona\/\",\"url\":\"https:\/\/h3o.es\/es\/asamblea-nomada-model-festival-arquitectura-barcelona\/\",\"name\":\"Asamblea N\u00f3mada - MODEL Festival Arquitecturas de Barcelona - h3o\",\"isPartOf\":{\"@id\":\"https:\/\/h3o.es\/en\/#website\"},\"primaryImageOfPage\":{\"@id\":\"https:\/\/h3o.es\/es\/asamblea-nomada-model-festival-arquitectura-barcelona\/#primaryimage\"},\"image\":{\"@id\":\"https:\/\/h3o.es\/es\/asamblea-nomada-model-festival-arquitectura-barcelona\/#primaryimage\"},\"thumbnailUrl\":\"https:\/\/h3o.es\/wp-content\/uploads\/2023\/09\/h3o-architects-modal-festival-nomad-assembly-ephimeral-architecture-fest-arquitectura-efi\u0301mera-pink-rosa-5.png\",\"datePublished\":\"2023-04-14T13:39:03+00:00\",\"dateModified\":\"2026-03-05T16:17:12+00:00\",\"author\":{\"@id\":\"https:\/\/h3o.es\/en\/#\/schema\/person\/e3e564e0d9bf054e63890895e3de43b0\"},\"description\":\"Asamblea N\u00f3mada es la propuesta de h3o para MODEL Festival Arquitecturas de Barcelona. \\\"Empat\u00eda Radical\\\" para una ciudad m\u00e1s inclusiva y sostenible.\",\"breadcrumb\":{\"@id\":\"https:\/\/h3o.es\/es\/asamblea-nomada-model-festival-arquitectura-barcelona\/#breadcrumb\"},\"inLanguage\":\"es\",\"potentialAction\":[{\"@type\":\"ReadAction\",\"target\":[\"https:\/\/h3o.es\/es\/asamblea-nomada-model-festival-arquitectura-barcelona\/\"]}]},{\"@type\":\"ImageObject\",\"inLanguage\":\"es\",\"@id\":\"https:\/\/h3o.es\/es\/asamblea-nomada-model-festival-arquitectura-barcelona\/#primaryimage\",\"url\":\"https:\/\/h3o.es\/wp-content\/uploads\/2023\/09\/h3o-architects-modal-festival-nomad-assembly-ephimeral-architecture-fest-arquitectura-efi\u0301mera-pink-rosa-5.png\",\"contentUrl\":\"https:\/\/h3o.es\/wp-content\/uploads\/2023\/09\/h3o-architects-modal-festival-nomad-assembly-ephimeral-architecture-fest-arquitectura-efi\u0301mera-pink-rosa-5.png\",\"width\":900,\"height\":949,\"caption\":\"H3o architects Modal Festival Nomad Assembly arquitectura ef\u00edmera rosa pink ephemeral architecture\"},{\"@type\":\"BreadcrumbList\",\"@id\":\"https:\/\/h3o.es\/es\/asamblea-nomada-model-festival-arquitectura-barcelona\/#breadcrumb\",\"itemListElement\":[{\"@type\":\"ListItem\",\"position\":1,\"name\":\"Portada\",\"item\":\"https:\/\/h3o.es\/es\/\"},{\"@type\":\"ListItem\",\"position\":2,\"name\":\"Asamblea N\u00f3mada &#8211; MODEL Festival Arquitecturas de Barcelona\"}]},{\"@type\":\"WebSite\",\"@id\":\"https:\/\/h3o.es\/en\/#website\",\"url\":\"https:\/\/h3o.es\/en\/\",\"name\":\"h3o\",\"description\":\"\",\"potentialAction\":[{\"@type\":\"SearchAction\",\"target\":{\"@type\":\"EntryPoint\",\"urlTemplate\":\"https:\/\/h3o.es\/en\/?s={search_term_string}\"},\"query-input\":{\"@type\":\"PropertyValueSpecification\",\"valueRequired\":true,\"valueName\":\"search_term_string\"}}],\"inLanguage\":\"es\"},{\"@type\":\"Person\",\"@id\":\"https:\/\/h3o.es\/en\/#\/schema\/person\/e3e564e0d9bf054e63890895e3de43b0\",\"name\":\"arquitectura\",\"image\":{\"@type\":\"ImageObject\",\"inLanguage\":\"es\",\"@id\":\"https:\/\/h3o.es\/en\/#\/schema\/person\/image\/\",\"url\":\"https:\/\/secure.gravatar.com\/avatar\/1601a84f38d94320c534f2e7a4829a2f83aaab548b06d38f8ab1b9f99d5fb9c0?s=96&d=mm&r=g\",\"contentUrl\":\"https:\/\/secure.gravatar.com\/avatar\/1601a84f38d94320c534f2e7a4829a2f83aaab548b06d38f8ab1b9f99d5fb9c0?s=96&d=mm&r=g\",\"caption\":\"arquitectura\"}}]}<\/script>\n<!-- \/ Yoast SEO plugin. -->","yoast_head_json":{"title":"Asamblea N\u00f3mada - MODEL Festival Arquitecturas de Barcelona - h3o","description":"Asamblea N\u00f3mada es la propuesta de h3o para MODEL Festival Arquitecturas de Barcelona. \"Empat\u00eda Radical\" para una ciudad m\u00e1s inclusiva y sostenible.","robots":{"index":"index","follow":"follow","max-snippet":"max-snippet:-1","max-image-preview":"max-image-preview:large","max-video-preview":"max-video-preview:-1"},"canonical":"https:\/\/h3o.es\/es\/asamblea-nomada-model-festival-arquitectura-barcelona\/","og_locale":"es_ES","og_type":"article","og_title":"Asamblea N\u00f3mada - MODEL Festival Arquitecturas de Barcelona - h3o","og_description":"Asamblea N\u00f3mada es la propuesta de h3o para MODEL Festival Arquitecturas de Barcelona. \"Empat\u00eda Radical\" para una ciudad m\u00e1s inclusiva y sostenible.","og_url":"https:\/\/h3o.es\/es\/asamblea-nomada-model-festival-arquitectura-barcelona\/","og_site_name":"h3o","article_published_time":"2023-04-14T13:39:03+00:00","article_modified_time":"2026-03-05T16:17:12+00:00","og_image":[{"width":900,"height":949,"url":"https:\/\/h3o.es\/wp-content\/uploads\/2023\/09\/h3o-architects-modal-festival-nomad-assembly-ephimeral-architecture-fest-arquitectura-efi\u0301mera-pink-rosa-5.png","type":"image\/png"}],"author":"arquitectura","twitter_card":"summary_large_image","twitter_misc":{"Escrito por":"arquitectura","Tiempo de lectura":"2 minutos"},"schema":{"@context":"https:\/\/schema.org","@graph":[{"@type":"WebPage","@id":"https:\/\/h3o.es\/es\/asamblea-nomada-model-festival-arquitectura-barcelona\/","url":"https:\/\/h3o.es\/es\/asamblea-nomada-model-festival-arquitectura-barcelona\/","name":"Asamblea N\u00f3mada - MODEL Festival Arquitecturas de Barcelona - h3o","isPartOf":{"@id":"https:\/\/h3o.es\/en\/#website"},"primaryImageOfPage":{"@id":"https:\/\/h3o.es\/es\/asamblea-nomada-model-festival-arquitectura-barcelona\/#primaryimage"},"image":{"@id":"https:\/\/h3o.es\/es\/asamblea-nomada-model-festival-arquitectura-barcelona\/#primaryimage"},"thumbnailUrl":"https:\/\/h3o.es\/wp-content\/uploads\/2023\/09\/h3o-architects-modal-festival-nomad-assembly-ephimeral-architecture-fest-arquitectura-efi\u0301mera-pink-rosa-5.png","datePublished":"2023-04-14T13:39:03+00:00","dateModified":"2026-03-05T16:17:12+00:00","author":{"@id":"https:\/\/h3o.es\/en\/#\/schema\/person\/e3e564e0d9bf054e63890895e3de43b0"},"description":"Asamblea N\u00f3mada es la propuesta de h3o para MODEL Festival Arquitecturas de Barcelona. \"Empat\u00eda Radical\" para una ciudad m\u00e1s inclusiva y sostenible.","breadcrumb":{"@id":"https:\/\/h3o.es\/es\/asamblea-nomada-model-festival-arquitectura-barcelona\/#breadcrumb"},"inLanguage":"es","potentialAction":[{"@type":"ReadAction","target":["https:\/\/h3o.es\/es\/asamblea-nomada-model-festival-arquitectura-barcelona\/"]}]},{"@type":"ImageObject","inLanguage":"es","@id":"https:\/\/h3o.es\/es\/asamblea-nomada-model-festival-arquitectura-barcelona\/#primaryimage","url":"https:\/\/h3o.es\/wp-content\/uploads\/2023\/09\/h3o-architects-modal-festival-nomad-assembly-ephimeral-architecture-fest-arquitectura-efi\u0301mera-pink-rosa-5.png","contentUrl":"https:\/\/h3o.es\/wp-content\/uploads\/2023\/09\/h3o-architects-modal-festival-nomad-assembly-ephimeral-architecture-fest-arquitectura-efi\u0301mera-pink-rosa-5.png","width":900,"height":949,"caption":"H3o architects Modal Festival Nomad Assembly arquitectura ef\u00edmera rosa pink ephemeral architecture"},{"@type":"BreadcrumbList","@id":"https:\/\/h3o.es\/es\/asamblea-nomada-model-festival-arquitectura-barcelona\/#breadcrumb","itemListElement":[{"@type":"ListItem","position":1,"name":"Portada","item":"https:\/\/h3o.es\/es\/"},{"@type":"ListItem","position":2,"name":"Asamblea N\u00f3mada &#8211; MODEL Festival Arquitecturas de Barcelona"}]},{"@type":"WebSite","@id":"https:\/\/h3o.es\/en\/#website","url":"https:\/\/h3o.es\/en\/","name":"h3o","description":"","potentialAction":[{"@type":"SearchAction","target":{"@type":"EntryPoint","urlTemplate":"https:\/\/h3o.es\/en\/?s={search_term_string}"},"query-input":{"@type":"PropertyValueSpecification","valueRequired":true,"valueName":"search_term_string"}}],"inLanguage":"es"},{"@type":"Person","@id":"https:\/\/h3o.es\/en\/#\/schema\/person\/e3e564e0d9bf054e63890895e3de43b0","name":"arquitectura","image":{"@type":"ImageObject","inLanguage":"es","@id":"https:\/\/h3o.es\/en\/#\/schema\/person\/image\/","url":"https:\/\/secure.gravatar.com\/avatar\/1601a84f38d94320c534f2e7a4829a2f83aaab548b06d38f8ab1b9f99d5fb9c0?s=96&d=mm&r=g","contentUrl":"https:\/\/secure.gravatar.com\/avatar\/1601a84f38d94320c534f2e7a4829a2f83aaab548b06d38f8ab1b9f99d5fb9c0?s=96&d=mm&r=g","caption":"arquitectura"}}]}},"_links":{"self":[{"href":"https:\/\/h3o.es\/es\/wp-json\/wp\/v2\/posts\/5826","targetHints":{"allow":["GET"]}}],"collection":[{"href":"https:\/\/h3o.es\/es\/wp-json\/wp\/v2\/posts"}],"about":[{"href":"https:\/\/h3o.es\/es\/wp-json\/wp\/v2\/types\/post"}],"author":[{"embeddable":true,"href":"https:\/\/h3o.es\/es\/wp-json\/wp\/v2\/users\/2"}],"replies":[{"embeddable":true,"href":"https:\/\/h3o.es\/es\/wp-json\/wp\/v2\/comments?post=5826"}],"version-history":[{"count":18,"href":"https:\/\/h3o.es\/es\/wp-json\/wp\/v2\/posts\/5826\/revisions"}],"predecessor-version":[{"id":11852,"href":"https:\/\/h3o.es\/es\/wp-json\/wp\/v2\/posts\/5826\/revisions\/11852"}],"wp:featuredmedia":[{"embeddable":true,"href":"https:\/\/h3o.es\/es\/wp-json\/wp\/v2\/media\/7334"}],"wp:attachment":[{"href":"https:\/\/h3o.es\/es\/wp-json\/wp\/v2\/media?parent=5826"}],"wp:term":[{"taxonomy":"category","embeddable":true,"href":"https:\/\/h3o.es\/es\/wp-json\/wp\/v2\/categories?post=5826"},{"taxonomy":"post_tag","embeddable":true,"href":"https:\/\/h3o.es\/es\/wp-json\/wp\/v2\/tags?post=5826"}],"curies":[{"name":"wp","href":"https:\/\/api.w.org\/{rel}","templated":true}]}}